{"id":6437,"date":"2022-05-10T14:25:30","date_gmt":"2022-05-10T14:25:30","guid":{"rendered":"https:\/\/cku.krakow.pl\/?p=6437"},"modified":"2022-05-10T14:51:15","modified_gmt":"2022-05-10T14:51:15","slug":"festiwal-zawodow-w-malopolsce-2022","status":"publish","type":"post","link":"https:\/\/cku.krakow.pl\/?p=6437","title":{"rendered":"Festiwal Zawod\u00f3w w Ma\u0142opolsce 2022"},"content":{"rendered":"\n<p class=\"has-pale-cyan-blue-background-color has-background\">W<strong> dniach 26 i 27 kwietnia 2022 roku <\/strong>nasza Plac\u00f3wka &#8211; Centrum Kszta\u0142cenia Zawodowego i Ustawicznego &#8211; bra\u0142a czynny udzia\u0142 w imprezie wystawienniczej <strong>&#8222;Festiwal Zawod\u00f3w&#8221;<\/strong>. Wydarzenie mia\u0142o miejsce w hali widowiskowej TAURON Arena w Krakowie.<\/p>\n\n\n\n<!--more-->\n\n\n\n<p class=\"has-pale-cyan-blue-background-color has-background\">Uczniowie i nauczyciele przygotowali stoisko reklamowe, na kt\u00f3rym zaprezentowali\u015bmy m.in. zawody gastronomiczne, przedstawiaj\u0105c temat &#8211; &#8222;Specja\u0142y tradycyjnej polskiej kuchni&#8221;.<\/p>\n\n\n\n<p class=\"has-pale-cyan-blue-background-color has-background\">W relacji telewizyjnej z festiwalu Pani wicedyrektor Agata Mordarska przedstawi\u0142a ofert\u0119 edukacyjn\u0105 naszej Plac\u00f3wki, a s\u0142uchaczki om\u00f3wi\u0142y spos\u00f3b wykonania prezentowanych potraw.<\/p>\n\n\n\n<p class=\"has-pale-cyan-blue-background-color has-background\"><strong><em>Wszystkim nauczycielom i pracownikom szko\u0142y, kt\u00f3rzy w\u0142\u0105czyli si\u0119 w zorganizowanie tego wydarzenia i aktywnie brali w nim udzia\u0142 bardzo dzi\u0119kujemy.<\/em><\/strong><\/p>\n\n\n\n<figure class=\"wp-block-gallery has-nested-images columns-default is-cropped wp-block-gallery-1 is-layout-flex wp-block-gallery-is-layout-flex\">\n<figure class=\"wp-block-image size-large\"><a href=\"https:\/\/cku.krakow.pl\/wp-content\/uploads\/2022\/05\/02zdjecie_festiwalzawodow_26042022.jpg\"><img loading=\"lazy\" decoding=\"async\" width=\"582\" height=\"641\" data-id=\"6432\" src=\"http:\/\/cku.krakow.pl\/wp-content\/uploads\/2022\/05\/02zdjecie_festiwalzawodow_26042022.jpg\" alt=\"\" class=\"wp-image-6432\" srcset=\"https:\/\/cku.krakow.pl\/wp-content\/uploads\/2022\/05\/02zdjecie_festiwalzawodow_26042022.jpg 582w, https:\/\/cku.krakow.pl\/wp-content\/uploads\/2022\/05\/02zdjecie_festiwalzawodow_26042022-272x300.jpg 272w\" sizes=\"(max-width: 582px) 100vw, 582px\" \/><\/a><\/figure>\n\n\n\n<figure class=\"wp-block-image size-large\"><a href=\"https:\/\/cku.krakow.pl\/wp-content\/uploads\/2022\/05\/04zdjecie_festiwalzawodow_26042022.jpg\"><img loading=\"lazy\" decoding=\"async\" width=\"804\" height=\"602\" data-id=\"6434\" src=\"http:\/\/cku.krakow.pl\/wp-content\/uploads\/2022\/05\/04zdjecie_festiwalzawodow_26042022.jpg\" alt=\"\" class=\"wp-image-6434\" srcset=\"https:\/\/cku.krakow.pl\/wp-content\/uploads\/2022\/05\/04zdjecie_festiwalzawodow_26042022.jpg 804w, https:\/\/cku.krakow.pl\/wp-content\/uploads\/2022\/05\/04zdjecie_festiwalzawodow_26042022-300x225.jpg 300w, https:\/\/cku.krakow.pl\/wp-content\/uploads\/2022\/05\/04zdjecie_festiwalzawodow_26042022-768x575.jpg 768w\" sizes=\"(max-width: 804px) 100vw, 804px\" \/><\/a><\/figure>\n\n\n\n<figure class=\"wp-block-image size-large\"><a href=\"https:\/\/cku.krakow.pl\/wp-content\/uploads\/2022\/05\/03zdjecie_festiwalzawodow_26042022.jpg\"><img loading=\"lazy\" decoding=\"async\" width=\"791\" height=\"596\" data-id=\"6433\" src=\"http:\/\/cku.krakow.pl\/wp-content\/uploads\/2022\/05\/03zdjecie_festiwalzawodow_26042022.jpg\" alt=\"\" class=\"wp-image-6433\" srcset=\"https:\/\/cku.krakow.pl\/wp-content\/uploads\/2022\/05\/03zdjecie_festiwalzawodow_26042022.jpg 791w, https:\/\/cku.krakow.pl\/wp-content\/uploads\/2022\/05\/03zdjecie_festiwalzawodow_26042022-300x226.jpg 300w, https:\/\/cku.krakow.pl\/wp-content\/uploads\/2022\/05\/03zdjecie_festiwalzawodow_26042022-768x579.jpg 768w\" sizes=\"(max-width: 791px) 100vw, 791px\" \/><\/a><\/figure>\n\n\n\n<figure class=\"wp-block-image size-large\"><a href=\"https:\/\/cku.krakow.pl\/wp-content\/uploads\/2022\/05\/01zdjecie_festiwalzawodow_26042022.jpg\"><img loading=\"lazy\" decoding=\"async\" width=\"810\" height=\"608\" data-id=\"6436\" src=\"http:\/\/cku.krakow.pl\/wp-content\/uploads\/2022\/05\/01zdjecie_festiwalzawodow_26042022.jpg\" alt=\"\" class=\"wp-image-6436\" srcset=\"https:\/\/cku.krakow.pl\/wp-content\/uploads\/2022\/05\/01zdjecie_festiwalzawodow_26042022.jpg 810w, https:\/\/cku.krakow.pl\/wp-content\/uploads\/2022\/05\/01zdjecie_festiwalzawodow_26042022-300x225.jpg 300w, https:\/\/cku.krakow.pl\/wp-content\/uploads\/2022\/05\/01zdjecie_festiwalzawodow_26042022-768x576.jpg 768w\" sizes=\"(max-width: 810px) 100vw, 810px\" \/><\/a><\/figure>\n<\/figure>\n","protected":false},"excerpt":{"rendered":"<p>W dniach 26 i 27 kwietnia 2022 roku nasza Plac\u00f3wka &#8211; Centrum Kszta\u0142cenia Zawodowego i Ustawicznego &#8211; bra\u0142a czynny udzia\u0142 w imprezie wystawienniczej &#8222;Festiwal Zawod\u00f3w&#8221;. Wydarzenie mia\u0142o miejsce w hali widowiskowej TAURON Arena w Krakowie.<\/p>\n","protected":false},"author":1,"featured_media":6435,"comment_status":"closed","ping_status":"closed","sticky":false,"template":"","format":"standard","meta":{"footnotes":""},"categories":[4,37,24,6],"tags":[],"_links":{"self":[{"href":"https:\/\/cku.krakow.pl\/index.php?rest_route=\/wp\/v2\/posts\/6437"}],"collection":[{"href":"https:\/\/cku.krakow.pl\/index.php?rest_route=\/wp\/v2\/posts"}],"about":[{"href":"https:\/\/cku.krakow.pl\/index.php?rest_route=\/wp\/v2\/types\/post"}],"author":[{"embeddable":true,"href":"https:\/\/cku.krakow.pl\/index.php?rest_route=\/wp\/v2\/users\/1"}],"replies":[{"embeddable":true,"href":"https:\/\/cku.krakow.pl\/index.php?rest_route=%2Fwp%2Fv2%2Fcomments&post=6437"}],"version-history":[{"count":9,"href":"https:\/\/cku.krakow.pl\/index.php?rest_route=\/wp\/v2\/posts\/6437\/revisions"}],"predecessor-version":[{"id":6451,"href":"https:\/\/cku.krakow.pl\/index.php?rest_route=\/wp\/v2\/posts\/6437\/revisions\/6451"}],"wp:featuredmedia":[{"embeddable":true,"href":"https:\/\/cku.krakow.pl\/index.php?rest_route=\/wp\/v2\/media\/6435"}],"wp:attachment":[{"href":"https:\/\/cku.krakow.pl\/index.php?rest_route=%2Fwp%2Fv2%2Fmedia&parent=6437"}],"wp:term":[{"taxonomy":"category","embeddable":true,"href":"https:\/\/cku.krakow.pl\/index.php?rest_route=%2Fwp%2Fv2%2Fcategories&post=6437"},{"taxonomy":"post_tag","embeddable":true,"href":"https:\/\/cku.krakow.pl\/index.php?rest_route=%2Fwp%2Fv2%2Ftags&post=6437"}],"curies":[{"name":"wp","href":"https:\/\/api.w.org\/{rel}","templated":true}]}}