{"id":942,"date":"2015-12-05T09:43:33","date_gmt":"2015-12-05T09:43:33","guid":{"rendered":"http:\/\/cku.krakow.pl\/?p=942"},"modified":"2015-12-09T11:13:12","modified_gmt":"2015-12-09T11:13:12","slug":"informacja-o-zanieczyszczeniu-powietrza-w-krakowie","status":"publish","type":"post","link":"https:\/\/cku.krakow.pl\/?p=942","title":{"rendered":"Informacja o zanieczyszczeniu powietrza w Krakowie"},"content":{"rendered":"<p>4 grudnia 2015 r. oko\u0142o godz. 16.00 wyst\u0105pi\u0142o w Krakowie przekroczenie \u015bredniej 16-godzinnej zanieczyszczenia powietrza py\u0142em PM10 powy\u017cej warto\u015bci 150 \u00b5g\/m3. Istnieje du\u017ce prawdopodobie\u0144stwo utrzymania si\u0119 lub wzrostu zanieczyszczenia powietrza w dniu jutrzejszym.<\/p>\n<p>Wi\u0119cej informacji mo\u017cna znale\u017a\u0107 w komunikacie wydanym przez Wydzia\u0142 Bezpiecze\u0144stwa i Zarz\u0105dzania Kryzysowego Urz\u0119du Miasta Krakowa.<\/p>\n<p><a href=\"http:\/\/cku.krakow.pl\/wp-content\/uploads\/2015\/12\/umk_zanieczyszczeniepowietrza_04122015.pdf\">Zobacz komunikat<\/a><\/p>\n","protected":false},"excerpt":{"rendered":"<p>4 grudnia 2015 r. oko\u0142o godz. 16.00 wyst\u0105pi\u0142o w Krakowie przekroczenie \u015bredniej 16-godzinnej zanieczyszczenia powietrza py\u0142em PM10 powy\u017cej warto\u015bci 150 \u00b5g\/m3. Istnieje du\u017ce prawdopodobie\u0144stwo utrzymania si\u0119 lub wzrostu zanieczyszczenia powietrza w dniu jutrzejszym. Wi\u0119cej informacji mo\u017cna znale\u017a\u0107 w komunikacie wydanym przez Wydzia\u0142 Bezpiecze\u0144stwa i Zarz\u0105dzania Kryzysowego Urz\u0119du Miasta Krakowa. Zobacz komunikat<\/p>\n","protected":false},"author":1,"featured_media":0,"comment_status":"closed","ping_status":"closed","sticky":false,"template":"","format":"standard","meta":{"footnotes":""},"categories":[4,22],"tags":[23],"_links":{"self":[{"href":"https:\/\/cku.krakow.pl\/index.php?rest_route=\/wp\/v2\/posts\/942"}],"collection":[{"href":"https:\/\/cku.krakow.pl\/index.php?rest_route=\/wp\/v2\/posts"}],"about":[{"href":"https:\/\/cku.krakow.pl\/index.php?rest_route=\/wp\/v2\/types\/post"}],"author":[{"embeddable":true,"href":"https:\/\/cku.krakow.pl\/index.php?rest_route=\/wp\/v2\/users\/1"}],"replies":[{"embeddable":true,"href":"https:\/\/cku.krakow.pl\/index.php?rest_route=%2Fwp%2Fv2%2Fcomments&post=942"}],"version-history":[{"count":3,"href":"https:\/\/cku.krakow.pl\/index.php?rest_route=\/wp\/v2\/posts\/942\/revisions"}],"predecessor-version":[{"id":946,"href":"https:\/\/cku.krakow.pl\/index.php?rest_route=\/wp\/v2\/posts\/942\/revisions\/946"}],"wp:attachment":[{"href":"https:\/\/cku.krakow.pl\/index.php?rest_route=%2Fwp%2Fv2%2Fmedia&parent=942"}],"wp:term":[{"taxonomy":"category","embeddable":true,"href":"https:\/\/cku.krakow.pl\/index.php?rest_route=%2Fwp%2Fv2%2Fcategories&post=942"},{"taxonomy":"post_tag","embeddable":true,"href":"https:\/\/cku.krakow.pl\/index.php?rest_route=%2Fwp%2Fv2%2Ftags&post=942"}],"curies":[{"name":"wp","href":"https:\/\/api.w.org\/{rel}","templated":true}]}}